{"id":22959,"date":"2026-04-17T12:25:50","date_gmt":"2026-04-17T11:25:50","guid":{"rendered":"https:\/\/www.fzsbarr.cz\/msz\/?p=22959"},"modified":"2026-04-20T10:35:45","modified_gmt":"2026-04-20T09:35:45","slug":"letni-provoz-2026-upozorneni","status":"publish","type":"post","link":"https:\/\/www.fzsbarr.cz\/msz\/2026\/04\/17\/letni-provoz-2026-upozorneni\/","title":{"rendered":"Letn\u00ed provoz 2026"},"content":{"rendered":"<p><span style=\"font-size: 14pt;\">V\u00e1\u017een\u00ed rodi\u010de,<\/span><\/p>\n<p>z d\u016fvodu zkr\u00e1cen\u00ed \u0161koln\u00edho roku k 26. 6. <span style=\"background-color: #ffff00;\"><strong>doch\u00e1z\u00ed ke zm\u011bn\u011b letn\u00edho provozu<\/strong> <\/span>na\u0161\u00ed mate\u0159sk\u00e9 \u0161koly.<\/p>\n<p>Letn\u00ed provoz bude zaji\u0161t\u011bn v term\u00ednu:<\/p>\n<p>pond\u011bl\u00ed <span style=\"background-color: #ffff00;\"><strong>29. 6. \u2013 p\u00e1tek 10. 7. <\/strong><\/span>Provoz je ur\u010den <strong>pro p\u0159ihl\u00e1\u0161en\u00e9 d\u011bti.<\/strong><\/p>\n<p>Bude prob\u00edhat pouze ve dvou t\u0159\u00edd\u00e1ch, do kter\u00fdch budou d\u011bti rozd\u011bleny.<\/p>\n<p>Dal\u0161\u00ed aktu\u00e1ln\u00ed informace budeme pr\u016fb\u011b\u017en\u011b zve\u0159ej\u0148ovat, pros\u00edme sledujte n\u00e1\u0161 web.<\/p>\n<h2 data-section-id=\"13h7208\" data-start=\"226\" data-end=\"254\"><span style=\"font-size: 18pt;\">Rychl\u00fd p\u0159ehled pro rodi\u010de<\/span><\/h2>\n<div class=\"TyagGW_tableContainer\">\n<div class=\"group TyagGW_tableWrapper flex flex-col-reverse w-fit\" tabindex=\"-1\">\n<table class=\"w-fit min-w-(--thread-content-width)\" style=\"width: 91.0996%;\" data-start=\"256\" data-end=\"708\">\n<tbody data-start=\"272\" data-end=\"708\">\n<tr data-start=\"272\" data-end=\"324\">\n<td style=\"width: 60.9959%;\" data-start=\"272\" data-end=\"297\" data-col-size=\"sm\">&#x1f4c5; <strong data-start=\"277\" data-end=\"296\">Letn\u00ed provoz M\u0160<\/strong><\/td>\n<td style=\"width: 77.5934%;\" data-col-size=\"sm\" data-start=\"297\" data-end=\"324\"><strong data-start=\"299\" data-end=\"322\">29. 6. \u2013 10. 7. 2026<\/strong><\/td>\n<\/tr>\n<tr data-start=\"325\" data-end=\"385\">\n<td style=\"width: 60.9959%;\" data-start=\"325\" data-end=\"352\" data-col-size=\"sm\">&#x1f4dd; <strong data-start=\"330\" data-end=\"351\">P\u0159ihl\u00e1\u0161en\u00ed d\u00edt\u011bte<\/strong><\/td>\n<td style=\"width: 77.5934%;\" data-col-size=\"sm\" data-start=\"352\" data-end=\"385\">nejpozd\u011bji <strong data-start=\"365\" data-end=\"383\">do 31. 3. 2026<\/strong><\/td>\n<\/tr>\n<tr data-start=\"386\" data-end=\"439\">\n<td style=\"width: 60.9959%;\" data-start=\"386\" data-end=\"421\" data-col-size=\"sm\">&#x1f469;&#x200d;&#x1f4bc; <strong data-start=\"394\" data-end=\"420\">Kontakt pro p\u0159ihl\u00e1\u0161en\u00ed<\/strong><\/td>\n<td style=\"width: 77.5934%;\" data-col-size=\"sm\" data-start=\"421\" data-end=\"439\">R\u016f\u017eena Kufrov\u00e1<\/td>\n<\/tr>\n<tr data-start=\"440\" data-end=\"484\">\n<td style=\"width: 60.9959%;\" data-start=\"440\" data-end=\"455\" data-col-size=\"sm\">&#x2709;&#xfe0f; <strong data-start=\"445\" data-end=\"454\">Email<\/strong><\/td>\n<td style=\"width: 77.5934%;\" data-col-size=\"sm\" data-start=\"455\" data-end=\"484\"><a class=\"decorated-link cursor-pointer\" rel=\"noopener\" data-start=\"457\" data-end=\"482\">ruzena.kufrova@fzsbarr.cz<\/a><\/td>\n<\/tr>\n<tr data-start=\"485\" data-end=\"533\">\n<td style=\"width: 60.9959%;\" data-start=\"485\" data-end=\"514\" data-col-size=\"sm\">&#x1f392; <strong data-start=\"490\" data-end=\"513\">Konec \u0161koln\u00edho roku<\/strong><\/td>\n<td style=\"width: 77.5934%;\" data-col-size=\"sm\" data-start=\"514\" data-end=\"533\"><strong data-start=\"516\" data-end=\"531\">26. 6. 2026<\/strong><\/td>\n<\/tr>\n<tr data-start=\"606\" data-end=\"658\">\n<td style=\"width: 60.9959%;\" data-start=\"606\" data-end=\"633\" data-col-size=\"sm\">&#x1f512; <strong data-start=\"611\" data-end=\"632\">Uzav\u0159en\u00ed v\u0161ech M\u0160<\/strong><\/td>\n<td style=\"width: 77.5934%;\" data-col-size=\"sm\" data-start=\"633\" data-end=\"658\"><strong data-start=\"635\" data-end=\"656\">24. \u2013 31. 8. 2026<\/strong><\/td>\n<\/tr>\n<tr data-start=\"659\" data-end=\"708\">\n<td style=\"width: 60.9959%;\" data-start=\"659\" data-end=\"690\" data-col-size=\"sm\">&#x1f393; <strong data-start=\"664\" data-end=\"689\">Za\u010d\u00e1tek \u0161koln\u00edho roku<\/strong><\/td>\n<td style=\"width: 77.5934%;\" data-col-size=\"sm\" data-start=\"690\" data-end=\"708\"><strong data-start=\"692\" data-end=\"706\">1. 9. 2026<\/strong><\/td>\n<\/tr>\n<\/tbody>\n<\/table>\n<\/div>\n<\/div>\n<hr data-start=\"710\" data-end=\"713\">\n<h2 data-section-id=\"mglskz\" data-start=\"715\" data-end=\"748\"><span style=\"font-size: 18pt;\">&#x2139;&#xfe0f; Informace k letn\u00edmu provozu<\/span><\/h2>\n<p data-start=\"750\" data-end=\"837\">Letn\u00ed provoz je organizov\u00e1n ve spolupr\u00e1ci se z\u0159izovatelem \u2013 <strong data-start=\"810\" data-end=\"836\">M\u011bstskou \u010d\u00e1st\u00ed Praha 5<\/strong>.<\/p>\n<p data-start=\"839\" data-end=\"960\">D\u011bti mohou nav\u0161t\u011bvovat letn\u00ed provoz <strong data-start=\"875\" data-end=\"930\">pouze v mate\u0159sk\u00e9 \u0161kole, do kter\u00e9 jsou b\u011b\u017en\u011b zaps\u00e1ny<\/strong> (tedy v na\u0161\u00ed mate\u0159sk\u00e9 \u0161kole).<\/p>\n<hr data-start=\"962\" data-end=\"965\">\n<p data-start=\"1000\" data-end=\"1145\">&nbsp;<\/p>\n<h2 data-section-id=\"iwqzv2\" data-start=\"1152\" data-end=\"1182\"><span style=\"font-size: 18pt;\">&#x1f512; Uzav\u0159en\u00ed mate\u0159sk\u00fdch \u0161kol<\/span><\/h2>\n<p data-start=\"1184\" data-end=\"1294\">V\u0161echny mate\u0159sk\u00e9 \u0161koly a mate\u0159sk\u00e9 \u0161koly p\u0159i z\u00e1kladn\u00edch \u0161kol\u00e1ch budou <strong data-start=\"1253\" data-end=\"1293\">uzav\u0159eny v term\u00ednu 24. \u2013 31. 8. 2026<\/strong>.<\/p>\n<hr data-start=\"1296\" data-end=\"1299\">\n<h2 data-section-id=\"xja85f\" data-start=\"1301\" data-end=\"1329\"><span style=\"font-size: 18pt;\">&#x1f4dc; Legislativn\u00ed informace<\/span><\/h2>\n<p data-start=\"1331\" data-end=\"1576\">Omezen\u00ed nebo p\u0159eru\u0161en\u00ed provozu mate\u0159sk\u00fdch \u0161kol b\u011bhem hlavn\u00edch pr\u00e1zdnin se \u0159\u00edd\u00ed <strong data-start=\"1410\" data-end=\"1464\">vyhl\u00e1\u0161kou \u010d. 14\/2005 Sb., o p\u0159ed\u0161koln\u00edm vzd\u011bl\u00e1v\u00e1n\u00ed<\/strong>, ve zn\u011bn\u00ed pozd\u011bj\u0161\u00edch p\u0159edpis\u016f.<br data-start=\"1495\" data-end=\"1498\">Rozsah omezen\u00ed stanovuje \u0159editel mate\u0159sk\u00e9 \u0161koly po projedn\u00e1n\u00ed se z\u0159izovatelem.<\/p>\n<p>&nbsp;<\/p>\n","protected":false},"excerpt":{"rendered":"<p>V\u00e1\u017een\u00ed rodi\u010de, z d\u016fvodu zkr\u00e1cen\u00ed \u0161koln\u00edho roku k 26. 6. doch\u00e1z\u00ed ke zm\u011bn\u011b letn\u00edho provozu na\u0161\u00ed mate\u0159sk\u00e9 \u0161koly. Letn\u00ed provoz bude zaji\u0161t\u011bn v term\u00ednu: pond\u011bl\u00ed 29. 6. \u2013 p\u00e1tek 10. 7. Provoz je ur\u010den pro p\u0159ihl\u00e1\u0161en\u00e9 d\u011bti. Bude prob\u00edhat pouze &hellip; <a class=\"more-link\" href=\"https:\/\/www.fzsbarr.cz\/msz\/2026\/04\/17\/letni-provoz-2026-upozorneni\/\">UPOZORN\u011aN\u00cd<\/a><\/p>","protected":false},"author":8,"featured_media":21539,"comment_status":"closed","ping_status":"open","sticky":false,"template":"","format":"standard","meta":{"ngg_post_thumbnail":0,"footnotes":""},"categories":[5,2],"tags":[],"class_list":["post-22959","post","type-post","status-publish","format-standard","has-post-thumbnail","hentry","category-aktuality-ms","category-bannery"],"_links":{"self":[{"href":"https:\/\/www.fzsbarr.cz\/msz\/wp-json\/wp\/v2\/posts\/22959","targetHints":{"allow":["GET"]}}],"collection":[{"href":"https:\/\/www.fzsbarr.cz\/msz\/wp-json\/wp\/v2\/posts"}],"about":[{"href":"https:\/\/www.fzsbarr.cz\/msz\/wp-json\/wp\/v2\/types\/post"}],"author":[{"embeddable":true,"href":"https:\/\/www.fzsbarr.cz\/msz\/wp-json\/wp\/v2\/users\/8"}],"replies":[{"embeddable":true,"href":"https:\/\/www.fzsbarr.cz\/msz\/wp-json\/wp\/v2\/comments?post=22959"}],"version-history":[{"count":8,"href":"https:\/\/www.fzsbarr.cz\/msz\/wp-json\/wp\/v2\/posts\/22959\/revisions"}],"predecessor-version":[{"id":22976,"href":"https:\/\/www.fzsbarr.cz\/msz\/wp-json\/wp\/v2\/posts\/22959\/revisions\/22976"}],"wp:featuredmedia":[{"embeddable":true,"href":"https:\/\/www.fzsbarr.cz\/msz\/wp-json\/wp\/v2\/media\/21539"}],"wp:attachment":[{"href":"https:\/\/www.fzsbarr.cz\/msz\/wp-json\/wp\/v2\/media?parent=22959"}],"wp:term":[{"taxonomy":"category","embeddable":true,"href":"https:\/\/www.fzsbarr.cz\/msz\/wp-json\/wp\/v2\/categories?post=22959"},{"taxonomy":"post_tag","embeddable":true,"href":"https:\/\/www.fzsbarr.cz\/msz\/wp-json\/wp\/v2\/tags?post=22959"}],"curies":[{"name":"wp","href":"https:\/\/api.w.org\/{rel}","templated":true}]}}