{"id":22651,"date":"2025-11-19T23:17:06","date_gmt":"2025-11-19T22:17:06","guid":{"rendered":"https:\/\/www.fzsbarr.cz\/msz\/?p=22651"},"modified":"2025-11-19T23:17:06","modified_gmt":"2025-11-19T22:17:06","slug":"peceni-pernicku-v-pt","status":"publish","type":"post","link":"https:\/\/www.fzsbarr.cz\/msz\/2025\/11\/19\/peceni-pernicku-v-pt\/","title":{"rendered":"Pe\u010den\u00ed pern\u00ed\u010dk\u016f v PT"},"content":{"rendered":"<p data-start=\"69\" data-end=\"352\"><strong data-start=\"69\" data-end=\"152\">V na\u0161\u00ed \u0161koln\u00ed dru\u017ein\u011b to v posledn\u00edch dnech kr\u00e1sn\u011b von\u011blo \u2013 a nebyla to n\u00e1hoda!<\/strong><br data-start=\"152\" data-end=\"155\">D\u011bti z p\u0159\u00edpravn\u00fdch t\u0159\u00edd se toti\u017e s nad\u0161en\u00edm pustily do pe\u010den\u00ed pern\u00ed\u010dk\u016f. Mouka se sypala, t\u011bsto se v\u00e1lelo, vykrajov\u00e1tka cvakala jedno za druh\u00fdm a radostn\u00e9 koment\u00e1\u0159e d\u011bt\u00ed byly sly\u0161et \u0161iroko daleko.<\/p>\n<p data-start=\"354\" data-end=\"622\">Ka\u017ed\u00fd mal\u00fd peka\u0159 si na\u0161el svou roli \u2013 n\u011bkdo byl mistrem vykrajov\u00e1n\u00ed hv\u011bzdi\u010dek a srd\u00ed\u010dek, jin\u00fd pe\u010dliv\u011b hl\u00eddal, aby m\u011bl ka\u017ed\u00fd pern\u00ed\u010dek spr\u00e1vn\u00fd tvar.<\/p>\n<p data-start=\"354\" data-end=\"622\">D\u011bti si odnesly radost ze spole\u010dn\u00e9 pr\u00e1ce, pocit, \u017ee n\u011bco dok\u00e1\u017eou, a spoustu z\u00e1\u017eitk\u016f, o kter\u00fdch budou jist\u011b doma vypr\u00e1v\u011bt. A my m\u00e1me radost s nimi \u2013 proto\u017ee kdy\u017e se d\u011btem rozz\u00e1\u0159\u00ed o\u010di, v\u00edme, \u017ee m\u00e1 na\u0161e sna\u017een\u00ed smysl.<\/p>\n","protected":false},"excerpt":{"rendered":"<p>V na\u0161\u00ed \u0161koln\u00ed dru\u017ein\u011b to v posledn\u00edch dnech kr\u00e1sn\u011b von\u011blo \u2013 a nebyla to n\u00e1hoda!D\u011bti z p\u0159\u00edpravn\u00fdch t\u0159\u00edd se toti\u017e s nad\u0161en\u00edm pustily do pe\u010den\u00ed pern\u00ed\u010dk\u016f. Mouka se sypala, t\u011bsto se v\u00e1lelo, vykrajov\u00e1tka cvakala jedno za druh\u00fdm a radostn\u00e9 koment\u00e1\u0159e &hellip; <a class=\"more-link\" href=\"https:\/\/www.fzsbarr.cz\/msz\/2025\/11\/19\/peceni-pernicku-v-pt\/\">read more<\/a><\/p>","protected":false},"author":8,"featured_media":22648,"comment_status":"closed","ping_status":"open","sticky":false,"template":"","format":"standard","meta":{"ngg_post_thumbnail":0,"footnotes":""},"categories":[30],"tags":[],"class_list":["post-22651","post","type-post","status-publish","format-standard","has-post-thumbnail","hentry","category-stalosept"],"_links":{"self":[{"href":"https:\/\/www.fzsbarr.cz\/msz\/wp-json\/wp\/v2\/posts\/22651","targetHints":{"allow":["GET"]}}],"collection":[{"href":"https:\/\/www.fzsbarr.cz\/msz\/wp-json\/wp\/v2\/posts"}],"about":[{"href":"https:\/\/www.fzsbarr.cz\/msz\/wp-json\/wp\/v2\/types\/post"}],"author":[{"embeddable":true,"href":"https:\/\/www.fzsbarr.cz\/msz\/wp-json\/wp\/v2\/users\/8"}],"replies":[{"embeddable":true,"href":"https:\/\/www.fzsbarr.cz\/msz\/wp-json\/wp\/v2\/comments?post=22651"}],"version-history":[{"count":1,"href":"https:\/\/www.fzsbarr.cz\/msz\/wp-json\/wp\/v2\/posts\/22651\/revisions"}],"predecessor-version":[{"id":22652,"href":"https:\/\/www.fzsbarr.cz\/msz\/wp-json\/wp\/v2\/posts\/22651\/revisions\/22652"}],"wp:featuredmedia":[{"embeddable":true,"href":"https:\/\/www.fzsbarr.cz\/msz\/wp-json\/wp\/v2\/media\/22648"}],"wp:attachment":[{"href":"https:\/\/www.fzsbarr.cz\/msz\/wp-json\/wp\/v2\/media?parent=22651"}],"wp:term":[{"taxonomy":"category","embeddable":true,"href":"https:\/\/www.fzsbarr.cz\/msz\/wp-json\/wp\/v2\/categories?post=22651"},{"taxonomy":"post_tag","embeddable":true,"href":"https:\/\/www.fzsbarr.cz\/msz\/wp-json\/wp\/v2\/tags?post=22651"}],"curies":[{"name":"wp","href":"https:\/\/api.w.org\/{rel}","templated":true}]}}