{"id":19466,"date":"2026-01-15T16:42:47","date_gmt":"2026-01-15T16:42:47","guid":{"rendered":"https:\/\/www.fzsbarr.cz\/msp\/?p=19466"},"modified":"2026-01-15T16:42:47","modified_gmt":"2026-01-15T16:42:47","slug":"den-otevrenych-dveri","status":"publish","type":"post","link":"https:\/\/www.fzsbarr.cz\/msp\/2026\/01\/den-otevrenych-dveri\/","title":{"rendered":"Den otev\u0159en\u00fdch dve\u0159\u00ed"},"content":{"rendered":"<div>\n<div>\n<div>\n<p style=\"text-align: center;\"><span style=\"font-size: 18pt;\"><strong><span style=\"color: #ff0044;\">DEN OTEV\u0158EN\u00ddCH DVE\u0158\u00cd<\/span><\/strong><\/span><\/p>\n<div>\n<div>\n<div>\n<p style=\"text-align: center;\"><span style=\"font-size: 18pt;\"><strong><span style=\"color: #ff0044;\">Mate\u0159sk\u00e1 \u0161kola Pe\u0161kova<\/span><\/strong><\/span><\/p>\n<div>\n<div>\n<div style=\"text-align: center;\">\n<p><span style=\"text-decoration: underline; color: #000000;\"><strong>Dne 11.2.2026 od 15:00 do 16:30 hodin<\/strong><\/span><\/p>\n<\/div>\n<div style=\"text-align: center;\">\n<p><span style=\"color: #000000;\"><strong>Srde\u010dn\u011b V\u00e1s zveme na den otev\u0159en\u00fdch dve\u0159\u00ed na\u0161\u00ed mate\u0159sk\u00e9 \u0161koly.<\/strong><\/span><\/p>\n<\/div>\n<div>\n<div>\n<div>\n<div style=\"text-align: center;\">\n<p><strong><span style=\"color: #339966;\">Vzhledem k \u00faprav\u00e1m mate\u0159sk\u00e9 \u0161koly nen\u00ed mo\u017en\u00e1 prohl\u00eddka jednotli<\/span><span style=\"color: #339966;\">v\u00fdch t\u0159\u00edd. Prostory mate\u0159sk\u00e9 \u0161koly je mo\u017en\u00e9 si prohl\u00e9dnout formou <a href=\"https:\/\/my.matterport.com\/show\/?m=cqa4BdyxkSh\">virtu\u00e1ln\u00ed prohl\u00eddky<\/a>.<\/span><\/strong><\/p>\n<\/div>\n<div>\n<p style=\"text-align: center;\"><strong><span style=\"color: #339966;\">Konzultace k z\u00e1pis\u016fm pro rok 2026\/2027 budou prob\u00edhat v p\u0159edem vyzna\u010den\u00fdch prostor\u00e1ch na st\u0159edu budovy.<\/span><\/strong><\/p>\n<p>&nbsp;<\/p>\n<\/div>\n<\/div>\n<\/div>\n<\/div>\n<\/div>\n<\/div>\n<\/div>\n<\/div>\n<\/div>\n<\/div>\n<\/div>\n<\/div>\n","protected":false},"excerpt":{"rendered":"<p>DEN OTEV\u0158EN\u00ddCH DVE\u0158\u00cd Mate\u0159sk\u00e1 \u0161kola Pe\u0161kova Dne 11.2.2026 od 15:00 do 16:30 hodin Srde\u010dn\u011b V\u00e1s zveme na den otev\u0159en\u00fdch dve\u0159\u00ed na\u0161\u00ed mate\u0159sk\u00e9 \u0161koly. Vzhledem k \u00faprav\u00e1m mate\u0159sk\u00e9 \u0161koly nen\u00ed mo\u017en\u00e1 prohl\u00eddka jednotliv\u00fdch t\u0159\u00edd. Prostory mate\u0159sk\u00e9 \u0161koly je mo\u017en\u00e9 si prohl\u00e9dnout &hellip; <a class=\"more-link\" href=\"https:\/\/www.fzsbarr.cz\/msp\/2026\/01\/den-otevrenych-dveri\/\">&#8230;<\/a><\/p>","protected":false},"author":7,"featured_media":19467,"comment_status":"closed","ping_status":"open","sticky":false,"template":"","format":"standard","meta":{"ngg_post_thumbnail":0,"footnotes":""},"categories":[6,20],"tags":[],"class_list":["post-19466","post","type-post","status-publish","format-standard","has-post-thumbnail","hentry","category-aktualne","category-den-otevrenych-dveri"],"_links":{"self":[{"href":"https:\/\/www.fzsbarr.cz\/msp\/wp-json\/wp\/v2\/posts\/19466","targetHints":{"allow":["GET"]}}],"collection":[{"href":"https:\/\/www.fzsbarr.cz\/msp\/wp-json\/wp\/v2\/posts"}],"about":[{"href":"https:\/\/www.fzsbarr.cz\/msp\/wp-json\/wp\/v2\/types\/post"}],"author":[{"embeddable":true,"href":"https:\/\/www.fzsbarr.cz\/msp\/wp-json\/wp\/v2\/users\/7"}],"replies":[{"embeddable":true,"href":"https:\/\/www.fzsbarr.cz\/msp\/wp-json\/wp\/v2\/comments?post=19466"}],"version-history":[{"count":1,"href":"https:\/\/www.fzsbarr.cz\/msp\/wp-json\/wp\/v2\/posts\/19466\/revisions"}],"predecessor-version":[{"id":19468,"href":"https:\/\/www.fzsbarr.cz\/msp\/wp-json\/wp\/v2\/posts\/19466\/revisions\/19468"}],"wp:featuredmedia":[{"embeddable":true,"href":"https:\/\/www.fzsbarr.cz\/msp\/wp-json\/wp\/v2\/media\/19467"}],"wp:attachment":[{"href":"https:\/\/www.fzsbarr.cz\/msp\/wp-json\/wp\/v2\/media?parent=19466"}],"wp:term":[{"taxonomy":"category","embeddable":true,"href":"https:\/\/www.fzsbarr.cz\/msp\/wp-json\/wp\/v2\/categories?post=19466"},{"taxonomy":"post_tag","embeddable":true,"href":"https:\/\/www.fzsbarr.cz\/msp\/wp-json\/wp\/v2\/tags?post=19466"}],"curies":[{"name":"wp","href":"https:\/\/api.w.org\/{rel}","templated":true}]}}