{"id":19092,"date":"2025-10-24T12:19:57","date_gmt":"2025-10-24T12:19:57","guid":{"rendered":"https:\/\/www.fzsbarr.cz\/msp\/?p=19092"},"modified":"2025-10-24T12:21:52","modified_gmt":"2025-10-24T12:21:52","slug":"%f0%9f%a6%85se-sokolem-do-zivota","status":"publish","type":"post","link":"https:\/\/www.fzsbarr.cz\/msp\/2025\/10\/%f0%9f%a6%85se-sokolem-do-zivota\/","title":{"rendered":"&#x1f985;Se sokolem do \u017eivota &#8211; beru\u0161ky &#x1f41e;"},"content":{"rendered":"<p data-start=\"129\" data-end=\"409\">Projekt <strong data-start=\"274\" data-end=\"349\">\u201eSe Sokolem do \u017eivota aneb Sv\u011bt nekon\u010d\u00ed za vr\u00e1tky, cvi\u010d\u00edme se zv\u00ed\u0159\u00e1tky\u201c<\/strong> je zam\u011b\u0159en\u00fd na <strong data-start=\"365\" data-end=\"406\">nejmlad\u0161\u00ed generaci \u2013 p\u0159ed\u0161kol\u00e1ky &#x1f467;&#x1f9d2;<\/strong>.<\/p>\n<p data-start=\"639\" data-end=\"811\">V projektu se d\u011bti u\u010d\u00ed vn\u00edmat <strong data-start=\"669\" data-end=\"709\">pohyb jako p\u0159irozenou sou\u010d\u00e1st \u017eivota<\/strong> &#x2764;&#xfe0f; \u2013 a to d\u00edky pozitivn\u00ed motivaci, p\u0159i kter\u00e9 je prov\u00e1zej\u00ed <strong data-start=\"768\" data-end=\"808\">roztomil\u00e9 postavi\u010dky zv\u00ed\u0159\u00e1tek &#x1f43b;&#x1f430;&#x1f435;<\/strong>.<\/p>\n<p data-start=\"813\" data-end=\"1037\">&#x1f449; <strong data-start=\"816\" data-end=\"838\">Dne, 24. 10. 2025<\/strong>, nav\u0161t\u00edvily d\u011bti ze <strong data-start=\"859\" data-end=\"879\">t\u0159\u00eddy Beru\u0161ek &#x1f41e;<\/strong> t\u011blocvi\u010dnu, kde plnily dal\u0161\u00ed \u00fakoly ze se\u0161itu. Tentokr\u00e1t <strong data-start=\"936\" data-end=\"961\">s opi\u010dkou Hani\u010dkou &#x1f412;<\/strong>, kter\u00e1 je vedla k rozvoji <strong data-start=\"988\" data-end=\"1034\">obratnosti a pohybov\u00e9 zdatnosti &#x1f938;&#x200d;&#x2640;&#xfe0f;&#x1f938;&#x200d;&#x2642;&#xfe0f;<\/strong>.<\/p>\nngg_shortcode_0_placeholder\n","protected":false},"excerpt":{"rendered":"<p>Projekt \u201eSe Sokolem do \u017eivota aneb Sv\u011bt nekon\u010d\u00ed za vr\u00e1tky, cvi\u010d\u00edme se zv\u00ed\u0159\u00e1tky\u201c je zam\u011b\u0159en\u00fd na nejmlad\u0161\u00ed generaci \u2013 p\u0159ed\u0161kol\u00e1ky &#x1f467;&#x1f9d2;. V projektu se d\u011bti u\u010d\u00ed vn\u00edmat pohyb jako p\u0159irozenou sou\u010d\u00e1st \u017eivota &#x2764;&#xfe0f; \u2013 a to d\u00edky pozitivn\u00ed motivaci, p\u0159i &hellip; <a class=\"more-link\" href=\"https:\/\/www.fzsbarr.cz\/msp\/2025\/10\/%f0%9f%a6%85se-sokolem-do-zivota\/\">&#8230;<\/a><\/p>","protected":false},"author":7,"featured_media":19094,"comment_status":"closed","ping_status":"open","sticky":false,"template":"","format":"standard","meta":{"ngg_post_thumbnail":0,"footnotes":""},"categories":[9],"tags":[],"class_list":["post-19092","post","type-post","status-publish","format-standard","has-post-thumbnail","hentry","category-akce"],"_links":{"self":[{"href":"https:\/\/www.fzsbarr.cz\/msp\/wp-json\/wp\/v2\/posts\/19092","targetHints":{"allow":["GET"]}}],"collection":[{"href":"https:\/\/www.fzsbarr.cz\/msp\/wp-json\/wp\/v2\/posts"}],"about":[{"href":"https:\/\/www.fzsbarr.cz\/msp\/wp-json\/wp\/v2\/types\/post"}],"author":[{"embeddable":true,"href":"https:\/\/www.fzsbarr.cz\/msp\/wp-json\/wp\/v2\/users\/7"}],"replies":[{"embeddable":true,"href":"https:\/\/www.fzsbarr.cz\/msp\/wp-json\/wp\/v2\/comments?post=19092"}],"version-history":[{"count":4,"href":"https:\/\/www.fzsbarr.cz\/msp\/wp-json\/wp\/v2\/posts\/19092\/revisions"}],"predecessor-version":[{"id":19109,"href":"https:\/\/www.fzsbarr.cz\/msp\/wp-json\/wp\/v2\/posts\/19092\/revisions\/19109"}],"wp:featuredmedia":[{"embeddable":true,"href":"https:\/\/www.fzsbarr.cz\/msp\/wp-json\/wp\/v2\/media\/19094"}],"wp:attachment":[{"href":"https:\/\/www.fzsbarr.cz\/msp\/wp-json\/wp\/v2\/media?parent=19092"}],"wp:term":[{"taxonomy":"category","embeddable":true,"href":"https:\/\/www.fzsbarr.cz\/msp\/wp-json\/wp\/v2\/categories?post=19092"},{"taxonomy":"post_tag","embeddable":true,"href":"https:\/\/www.fzsbarr.cz\/msp\/wp-json\/wp\/v2\/tags?post=19092"}],"curies":[{"name":"wp","href":"https:\/\/api.w.org\/{rel}","templated":true}]}}